{"id":282,"date":"2025-12-16T20:09:21","date_gmt":"2025-12-16T19:09:21","guid":{"rendered":"http:\/\/escuela.teologialaicos.org\/?p=282"},"modified":"2025-12-16T21:19:29","modified_gmt":"2025-12-16T20:19:29","slug":"un-sueno-hecho-realidad-llevando-la-formacion-teologica-a-las-manos-del-laico","status":"publish","type":"post","link":"http:\/\/escuela.teologialaicos.org\/?p=282","title":{"rendered":"!Un Sue\u00f1o Hecho Realidad! Llevando la Formaci\u00f3n Teol\u00f3gica a las Manos del Laico"},"content":{"rendered":"<h2 data-path-to-node=\"2\">\u00a1Un Sue\u00f1o Hecho Realidad! Llevando la Formaci\u00f3n Teol\u00f3gica a las Manos del Laico<\/h2>\n<h3 data-path-to-node=\"3\"><b>De la Idea a la Acci\u00f3n: El Gozo de Finalmente Salir<\/b><\/h3>\n<p data-path-to-node=\"4\">Desde que naci\u00f3 la idea de crear esta Escuela de Teolog\u00eda, hemos sentido una profunda inquietud: <b>la urgencia de formar laicos comprometidos y bien preparados<\/b>. Durante mucho tiempo, la visi\u00f3n ha madurado y se ha gestado en la oraci\u00f3n, la planeaci\u00f3n y el trabajo incansable.<\/p>\n<p data-path-to-node=\"5\">Hoy, ese sue\u00f1o se materializa. Es con inmensa alegr\u00eda y gratitud que anunciamos nuestra salida a la luz, ofreciendo por fin nuestros primeros cursos presenciales.<\/p>\n<p data-path-to-node=\"6\"><b>Este momento es profundamente significativo para nosotros.<\/b> En un tiempo donde la fe a menudo se vive en la superficie y el ruido del mundo compite ferozmente con el llamado de Dios, es vital ofrecer herramientas que profundicen el conocimiento y transformen el coraz\u00f3n.<\/p>\n<h3 data-path-to-node=\"7\"><b>Un Inicio Humilde, un Compromiso Inquebrantable<\/b><\/h3>\n<p data-path-to-node=\"8\">Reconocemos que, por ahora, <b>nuestra oferta es limitada<\/b>. Estamos lanzando los cursos de <b>Pastoral Familiar<\/b> y <b>Pastoral de la Salud<\/b> (cuya apertura es el <b>12 de enero de 2026<\/b>), respondiendo a las necesidades m\u00e1s apremiantes de nuestras comunidades.<\/p>\n<p data-path-to-node=\"9\">Pero que esta limitaci\u00f3n no nos confunda. Este es solo el <b>PRIMER PASO<\/b> de un camino que aspiramos sea largo y fruct\u00edfero.<\/p>\n<p data-path-to-node=\"10\">Cada curso que ofrecemos es una promesa de que esta escuela, la <b>Escuela de Teolog\u00eda para Laicos &#8216;Concepci\u00f3n Cabrera de Armida&#8217;<\/b>, est\u00e1 aqu\u00ed para quedarse y para crecer, siempre centrada en la excelencia.<\/p>\n<p data-path-to-node=\"10\"><img loading=\"lazy\" decoding=\"async\" class=\"alignnone  wp-image-283\" src=\"http:\/\/escuela.teologialaicos.org\/wp-content\/uploads\/2025\/12\/inauguracion-300x300.png\" alt=\"\" width=\"590\" height=\"590\" srcset=\"http:\/\/escuela.teologialaicos.org\/wp-content\/uploads\/2025\/12\/inauguracion-300x300.png 300w, http:\/\/escuela.teologialaicos.org\/wp-content\/uploads\/2025\/12\/inauguracion-150x150.png 150w, http:\/\/escuela.teologialaicos.org\/wp-content\/uploads\/2025\/12\/inauguracion-768x768.png 768w, http:\/\/escuela.teologialaicos.org\/wp-content\/uploads\/2025\/12\/inauguracion.png 1024w\" sizes=\"auto, (max-width: 590px) 100vw, 590px\" \/><\/p>\n<h3 data-path-to-node=\"11\"><b>Nuestra Firma: Calidad Respaldada por Expertos<\/b><\/h3>\n<p data-path-to-node=\"12\">Nuestro compromiso es uno solo: <b>ofrecer siempre la m\u00e1s alta calidad en la formaci\u00f3n<\/b>.<\/p>\n<p data-path-to-node=\"13\">Sabemos que la capacitaci\u00f3n en temas de fe no es un juego; requiere rigor, profundidad y coherencia con el Magisterio de la Iglesia. Por eso, garantizamos que cada curso, m\u00f3dulo y material que impartimos est\u00e1:<\/p>\n<ul>\n<li><b>Dise\u00f1ado por Expertos:<\/b> Contamos con el respaldo de <b>personas e instituciones conocedoras<\/b> de la teolog\u00eda, la pastoral y las ciencias humanas.<\/li>\n<li><b>Apegado a la Doctrina:<\/b> Nuestros programas buscan no solo informar, sino formar, asegurando que cada ense\u00f1anza est\u00e9 en plena comuni\u00f3n con la fe.<\/li>\n<li><b>Esta calidad es nuestro sello. Es la \u00fanica manera que concebimos para equipar verdaderamente a los laicos para ser agentes de cambio en sus parroquias y familias.<\/b><\/li>\n<\/ul>\n<p data-path-to-node=\"16\">Los invitamos a ser parte de este inicio. Inscr\u00edbanse en el curso que resuene con su llamado y ay\u00fadennos a construir esta gran obra de formaci\u00f3n.<\/p>\n","protected":false},"excerpt":{"rendered":"<p>\u00a1Un Sue\u00f1o Hecho Realidad! Llevando la Formaci\u00f3n Teol\u00f3gica a las Manos del Laico De la Idea a la Acci\u00f3n: El Gozo de Finalmente Salir Desde que naci\u00f3 la idea de crear esta Escuela de Teolog\u00eda, hemos sentido una profunda inquietud: la urgencia de formar laicos comprometidos y bien preparados. Durante mucho tiempo, la visi\u00f3n ha [&hellip;]<\/p>\n","protected":false},"author":1,"featured_media":283,"comment_status":"open","ping_status":"open","sticky":false,"template":"","format":"standard","meta":{"_themeisle_gutenberg_block_has_review":false,"footnotes":""},"categories":[10],"tags":[],"class_list":["post-282","post","type-post","status-publish","format-standard","has-post-thumbnail","hentry","category-noticias"],"_links":{"self":[{"href":"http:\/\/escuela.teologialaicos.org\/index.php?rest_route=\/wp\/v2\/posts\/282","targetHints":{"allow":["GET"]}}],"collection":[{"href":"http:\/\/escuela.teologialaicos.org\/index.php?rest_route=\/wp\/v2\/posts"}],"about":[{"href":"http:\/\/escuela.teologialaicos.org\/index.php?rest_route=\/wp\/v2\/types\/post"}],"author":[{"embeddable":true,"href":"http:\/\/escuela.teologialaicos.org\/index.php?rest_route=\/wp\/v2\/users\/1"}],"replies":[{"embeddable":true,"href":"http:\/\/escuela.teologialaicos.org\/index.php?rest_route=%2Fwp%2Fv2%2Fcomments&post=282"}],"version-history":[{"count":1,"href":"http:\/\/escuela.teologialaicos.org\/index.php?rest_route=\/wp\/v2\/posts\/282\/revisions"}],"predecessor-version":[{"id":284,"href":"http:\/\/escuela.teologialaicos.org\/index.php?rest_route=\/wp\/v2\/posts\/282\/revisions\/284"}],"wp:featuredmedia":[{"embeddable":true,"href":"http:\/\/escuela.teologialaicos.org\/index.php?rest_route=\/wp\/v2\/media\/283"}],"wp:attachment":[{"href":"http:\/\/escuela.teologialaicos.org\/index.php?rest_route=%2Fwp%2Fv2%2Fmedia&parent=282"}],"wp:term":[{"taxonomy":"category","embeddable":true,"href":"http:\/\/escuela.teologialaicos.org\/index.php?rest_route=%2Fwp%2Fv2%2Fcategories&post=282"},{"taxonomy":"post_tag","embeddable":true,"href":"http:\/\/escuela.teologialaicos.org\/index.php?rest_route=%2Fwp%2Fv2%2Ftags&post=282"}],"curies":[{"name":"wp","href":"https:\/\/api.w.org\/{rel}","templated":true}]}}