{"id":312,"date":"2026-04-29T13:28:40","date_gmt":"2026-04-29T19:28:40","guid":{"rendered":"https:\/\/escuela.teologialaicos.org\/?p=312"},"modified":"2026-04-29T13:28:40","modified_gmt":"2026-04-29T19:28:40","slug":"nuevos-cursos-mayo-2026","status":"publish","type":"post","link":"http:\/\/escuela.teologialaicos.org\/?p=312","title":{"rendered":"Nuevos cursos&#8230; Mayo 2026"},"content":{"rendered":"<hr data-path-to-node=\"2\" \/>\n<h1 data-path-to-node=\"3\">Formaci\u00f3n que transforma: Nuevos horizontes para el servicio y la fe<\/h1>\n<p data-path-to-node=\"4\">En un mundo que cambia a una velocidad vertiginosa, detenerse a estudiar no es un lujo, sino una necesidad de coherencia. Ya sea que busques profundizar en tus ra\u00edces, profesionalizar tu vocaci\u00f3n de servicio o acompa\u00f1ar al que sufre, la formaci\u00f3n es el puente entre el \u00abquerer ayudar\u00bb y el \u00absaber ayudar\u00bb.<\/p>\n<p data-path-to-node=\"5\">Hoy queremos compartir con nuestra comunidad tres oportunidades clave para este pr\u00f3ximo ciclo. Tres caminos distintos, pero con un mismo fin: <b data-path-to-node=\"5\" data-index-in-node=\"142\">crecer para servir mejor.<\/b><\/p>\n<p data-path-to-node=\"5\">\n<p data-path-to-node=\"5\"><img loading=\"lazy\" decoding=\"async\" class=\"alignnone  wp-image-324\" src=\"http:\/\/escuela.teologialaicos.org\/wp-content\/uploads\/2026\/04\/nuevos_cursos_02-300x164.png\" alt=\"\" width=\"498\" height=\"272\" srcset=\"http:\/\/escuela.teologialaicos.org\/wp-content\/uploads\/2026\/04\/nuevos_cursos_02-300x164.png 300w, http:\/\/escuela.teologialaicos.org\/wp-content\/uploads\/2026\/04\/nuevos_cursos_02-1024x559.png 1024w, http:\/\/escuela.teologialaicos.org\/wp-content\/uploads\/2026\/04\/nuevos_cursos_02-768x419.png 768w, http:\/\/escuela.teologialaicos.org\/wp-content\/uploads\/2026\/04\/nuevos_cursos_02.png 1408w\" sizes=\"auto, (max-width: 498px) 100vw, 498px\" \/><\/p>\n<hr data-path-to-node=\"6\" \/>\n<h3 data-path-to-node=\"7\">1. Fundamentos de la Fe Cat\u00f3lica: Volver a las ra\u00edces<\/h3>\n<p data-path-to-node=\"8\"><b data-path-to-node=\"8\" data-index-in-node=\"0\">Inicio: 18 de mayo<\/b><\/p>\n<p data-path-to-node=\"9\">A veces damos por hecho lo que creemos. Sin embargo, muchos adultos conservamos una fe con explicaciones de ni\u00f1os. Este curso de <b data-path-to-node=\"9\" data-index-in-node=\"129\">Catequesis B\u00e1sica para Adultos<\/b> est\u00e1 dise\u00f1ado para quienes desean redescubrir la belleza y la l\u00f3gica de nuestra doctrina de una manera madura y actual.<\/p>\n<ul>\n<li style=\"list-style-type: none;\">\n<ul data-path-to-node=\"10\">\n<li>\n<p data-path-to-node=\"10,0,0\"><b data-path-to-node=\"10,0,0\" data-index-in-node=\"0\">\u00bfPara qui\u00e9n es?<\/b> Para quienes buscan respuestas s\u00f3lidas a preguntas fundamentales, para padres que quieren guiar a sus hijos o para cualquier persona que desee una base teol\u00f3gica firme en su vida diaria.<\/p>\n<\/li>\n<li>\n<p data-path-to-node=\"10,1,0\"><b data-path-to-node=\"10,1,0\" data-index-in-node=\"0\">El objetivo:<\/b> No es solo aprender datos, sino integrar la fe en la raz\u00f3n y la vida cotidiana.<\/p>\n<\/li>\n<\/ul>\n<\/li>\n<\/ul>\n<h3 data-path-to-node=\"11\">2. Maestr\u00eda en Relaci\u00f3n de Ayuda (Counseling): Profesionalismo y Humanidad<\/h3>\n<p data-path-to-node=\"12\"><b data-path-to-node=\"12\" data-index-in-node=\"0\">Inicio: 8 de mayo | Duraci\u00f3n: 14 meses<\/b><\/p>\n<p data-path-to-node=\"13\">Acompa\u00f1ar a otro en su proceso de crisis, duelo o crecimiento requiere m\u00e1s que buena voluntad; requiere herramientas profesionales. Nos enorgullece anunciar el inicio de esta <b data-path-to-node=\"13\" data-index-in-node=\"175\">Maestr\u00eda<\/b>, impartida por el <b data-path-to-node=\"13\" data-index-in-node=\"202\">Centro San Camilo (M\u00e9xico)<\/b>.<\/p>\n<p data-path-to-node=\"14\">Lo m\u00e1s importante: cuenta con el <b data-path-to-node=\"14\" data-index-in-node=\"33\">aval oficial de la SEP<\/b>, lo que garantiza una formaci\u00f3n acad\u00e9mica de primer nivel.<\/p>\n<ul>\n<li style=\"list-style-type: none;\">\n<ul data-path-to-node=\"15\">\n<li>\n<p data-path-to-node=\"15,0,0\"><b data-path-to-node=\"15,0,0\" data-index-in-node=\"0\">Enfoque:<\/b> El <i data-path-to-node=\"15,0,0\" data-index-in-node=\"12\">Counseling<\/i> es una disciplina que permite facilitar procesos de cambio y resoluci\u00f3n de conflictos desde una mirada profundamente humana.<\/p>\n<\/li>\n<li>\n<p data-path-to-node=\"15,1,0\"><b data-path-to-node=\"15,1,0\" data-index-in-node=\"0\">Formato:<\/b> Un programa intensivo de 14 meses dise\u00f1ado para formar especialistas en la escucha activa y el acompa\u00f1amiento profesional.<\/p>\n<\/li>\n<\/ul>\n<\/li>\n<\/ul>\n<h3 data-path-to-node=\"16\">3. Pastoral de la Salud: El arte de cuidar al que sufre<\/h3>\n<p data-path-to-node=\"17\"><b data-path-to-node=\"17\" data-index-in-node=\"0\">Inicio: 13 de junio<\/b><\/p>\n<p data-path-to-node=\"18\">Tras el \u00e9xito de las ediciones anteriores, retomamos este curso esencial. La enfermedad y el dolor son momentos donde la presencia cristiana debe ser m\u00e1s luminosa, pero tambi\u00e9n m\u00e1s respetuosa y t\u00e9cnica.<\/p>\n<ul>\n<li style=\"list-style-type: none;\">\n<ul data-path-to-node=\"19\">\n<li>\n<p data-path-to-node=\"19,0,0\"><b data-path-to-node=\"19,0,0\" data-index-in-node=\"0\">El reencuentro:<\/b> Volvemos con el mismo esquema que tan buenos frutos dio el a\u00f1o pasado, enfocado en preparar agentes de pastoral capaces de estar presentes en el hospital, en la parroquia o en el hogar del enfermo.<\/p>\n<\/li>\n<li>\n<p data-path-to-node=\"19,1,0\"><b data-path-to-node=\"19,1,0\" data-index-in-node=\"0\">Inicio de clases:<\/b> Jueves 13 de junio.<\/p>\n<\/li>\n<\/ul>\n<\/li>\n<\/ul>\n<hr data-path-to-node=\"20\" \/>\n<h3 data-path-to-node=\"21\">\u00bfPor qu\u00e9 seguir estudiando hoy?<\/h3>\n<p data-path-to-node=\"22\">A menudo escuchamos que \u00ablo que importa es el coraz\u00f3n\u00bb. Y es cierto. Pero un coraz\u00f3n formado es un coraz\u00f3n que llega m\u00e1s lejos.<\/p>\n<ul data-path-to-node=\"23\">\n<li>\n<p data-path-to-node=\"23,0,0\"><b data-path-to-node=\"23,0,0\" data-index-in-node=\"0\">En la relaci\u00f3n social:<\/b> El conocimiento nos permite dialogar con el mundo moderno sin miedo y con argumentos.<\/p>\n<\/li>\n<li>\n<p data-path-to-node=\"23,1,0\"><b data-path-to-node=\"23,1,0\" data-index-in-node=\"0\">En el servicio:<\/b> La profesionalizaci\u00f3n (como la Maestr\u00eda en Counseling) nos permite intervenir en situaciones complejas donde la improvisaci\u00f3n puede ser contraproducente.<\/p>\n<\/li>\n<li>\n<p data-path-to-node=\"23,2,0\"><b data-path-to-node=\"23,2,0\" data-index-in-node=\"0\">En la fe:<\/b> Conocer los fundamentos nos da la libertad de vivir una espiritualidad aut\u00e9ntica, no basada en costumbres, sino en una relaci\u00f3n personal con la Verdad.<\/p>\n<\/li>\n<\/ul>\n<h3 data-path-to-node=\"24\">Inscripciones y Detalles<\/h3>\n<p data-path-to-node=\"25\">El cupo para estos cursos es limitado para garantizar una atenci\u00f3n personalizada y un di\u00e1logo enriquecedor entre alumnos y profesores.<\/p>\n<blockquote data-path-to-node=\"26\">\n<p data-path-to-node=\"26,0\"><b data-path-to-node=\"26,0\" data-index-in-node=\"0\">Nota para los interesados:<\/b> Si sientes el llamado a profundizar en alguna de estas \u00e1reas, este es el momento de dar el paso. Cada curso es una semilla que dar\u00e1 frutos no solo en tu vida, sino en la de todas las personas a las que podr\u00e1s ayudar en el futuro.<\/p>\n<\/blockquote>\n<p data-path-to-node=\"27\"><b data-path-to-node=\"27\" data-index-in-node=\"0\">Para m\u00e1s informaci\u00f3n sobre requisitos de inscripci\u00f3n, costos y modalidades, por favor contacta directamente con nosotros a trav\u00e9s de [Insertar link o m\u00e9todo de contacto].<\/b><\/p>\n","protected":false},"excerpt":{"rendered":"<p>Formaci\u00f3n que transforma: Nuevos horizontes para el servicio y la fe En un mundo que cambia a una velocidad vertiginosa, detenerse a estudiar no es un lujo, sino una necesidad de coherencia. Ya sea que busques profundizar en tus ra\u00edces, profesionalizar tu vocaci\u00f3n de servicio o acompa\u00f1ar al que sufre, la formaci\u00f3n es el puente [&hellip;]<\/p>\n","protected":false},"author":1,"featured_media":325,"comment_status":"open","ping_status":"open","sticky":false,"template":"","format":"standard","meta":{"_themeisle_gutenberg_block_has_review":false,"footnotes":""},"categories":[11],"tags":[],"class_list":["post-312","post","type-post","status-publish","format-standard","has-post-thumbnail","hentry","category-cursos"],"_links":{"self":[{"href":"http:\/\/escuela.teologialaicos.org\/index.php?rest_route=\/wp\/v2\/posts\/312","targetHints":{"allow":["GET"]}}],"collection":[{"href":"http:\/\/escuela.teologialaicos.org\/index.php?rest_route=\/wp\/v2\/posts"}],"about":[{"href":"http:\/\/escuela.teologialaicos.org\/index.php?rest_route=\/wp\/v2\/types\/post"}],"author":[{"embeddable":true,"href":"http:\/\/escuela.teologialaicos.org\/index.php?rest_route=\/wp\/v2\/users\/1"}],"replies":[{"embeddable":true,"href":"http:\/\/escuela.teologialaicos.org\/index.php?rest_route=%2Fwp%2Fv2%2Fcomments&post=312"}],"version-history":[{"count":2,"href":"http:\/\/escuela.teologialaicos.org\/index.php?rest_route=\/wp\/v2\/posts\/312\/revisions"}],"predecessor-version":[{"id":326,"href":"http:\/\/escuela.teologialaicos.org\/index.php?rest_route=\/wp\/v2\/posts\/312\/revisions\/326"}],"wp:featuredmedia":[{"embeddable":true,"href":"http:\/\/escuela.teologialaicos.org\/index.php?rest_route=\/wp\/v2\/media\/325"}],"wp:attachment":[{"href":"http:\/\/escuela.teologialaicos.org\/index.php?rest_route=%2Fwp%2Fv2%2Fmedia&parent=312"}],"wp:term":[{"taxonomy":"category","embeddable":true,"href":"http:\/\/escuela.teologialaicos.org\/index.php?rest_route=%2Fwp%2Fv2%2Fcategories&post=312"},{"taxonomy":"post_tag","embeddable":true,"href":"http:\/\/escuela.teologialaicos.org\/index.php?rest_route=%2Fwp%2Fv2%2Ftags&post=312"}],"curies":[{"name":"wp","href":"https:\/\/api.w.org\/{rel}","templated":true}]}}